{"id":689,"date":"2021-11-18T13:30:00","date_gmt":"2021-11-18T12:30:00","guid":{"rendered":"https:\/\/batzen.eus\/?p=689"},"modified":"2021-11-18T13:19:24","modified_gmt":"2021-11-18T12:19:24","slug":"sistema-de-acogida-batzen-primeras-iniciativas","status":"publish","type":"post","link":"https:\/\/batzen.eus\/es\/sistema-de-acogida-batzen-primeras-iniciativas-20211118\/","title":{"rendered":"Sistema de Acogida BATZEN; primeras iniciativas"},"content":{"rendered":"\n<p>Ha pasado un mes desde que comenzamos a tejer la red BATZEN, el Sistema de Acogida al Empleo Juvenil.<\/p>\n\n\n\n<p>Hemos parado un momento a mirar atr\u00e1s antes de seguir avanzando, y nos gustar\u00eda celebrar con todos y todas vosotras la buena acogida que est\u00e1 teniendo el proyecto.<\/p>\n\n\n\n<p>Hemos visitado m\u00e1s de 30 entidades explicando el proyecto, y en las \u00faltimas semanas m\u00e1s de 15 empresas se han unido a BATZEN como Empresas de Acogida; hemos dirigido itinerarios de 3 j\u00f3venes a tres Empresas de Acogida; hemos organizado las primeras visitas para que las y los j\u00f3venes las conozcan por dentro, y estamos organizando una primera charla multisectorial con profesionales de diferentes sectores. Todo ello de la mano de los centros educativos y las Agencias de Desarrollo del territorio.<\/p>\n\n\n\n<p>Sois muchas las empresas y asociaciones que quer\u00e9is aportar en el proceso de emancipaci\u00f3n de las&nbsp; y los j\u00f3venes, y \u00e9sta acogida nos vuelve a reflejar que queremos y debemos avanzar por este camino.<\/p>\n\n\n\n<p>\u00a1Gracias por ello y sigamos tejiendo una red amplia de Empresas de Acogida!<\/p>\n\n\n\n<p>Os dejamos el <a href=\"https:\/\/www.eitb.eus\/es\/noticias\/sociedad\/videos\/detalle\/8385618\/video-nace-en-gipuzkoa-batzen-sistema-para-facilitar-inclusion-sociolaboral-de-jovenes-tutelados\/\">enlace a la noticia<\/a> publicada por EITB el d\u00eda de la presentaci\u00f3n.<\/p>\n","protected":false},"excerpt":{"rendered":"<p>Ha pasado un mes desde que comenzamos a tejer la red BATZEN, el Sistema de Acogida al Empleo Juvenil. Hemos parado un momento a mirar atr\u00e1s antes de seguir avanzando, y nos gustar\u00eda celebrar con todos y todas vosotras la buena acogida que est\u00e1 teniendo el proyecto. Hemos visitado m\u00e1s de 30 entidades explicando el [&hellip;]<\/p>\n","protected":false},"author":2,"featured_media":686,"comment_status":"closed","ping_status":"open","sticky":false,"template":"","format":"standard","meta":{"_acf_changed":false,"site-sidebar-layout":"default","site-content-layout":"default","ast-site-content-layout":"default","site-content-style":"default","site-sidebar-style":"default","ast-global-header-display":"","ast-banner-title-visibility":"","ast-main-header-display":"","ast-hfb-above-header-display":"","ast-hfb-below-header-display":"","ast-hfb-mobile-header-display":"","site-post-title":"","ast-breadcrumbs-content":"","ast-featured-img":"","footer-sml-layout":"","ast-disable-related-posts":"","theme-transparent-header-meta":"default","adv-header-id-meta":"","stick-header-meta":"default","header-above-stick-meta":"","header-main-stick-meta":"","header-below-stick-meta":"","astra-migrate-meta-layouts":"default","ast-page-background-enabled":"default","ast-page-background-meta":{"desktop":{"background-color":"","background-image":"","background-repeat":"repeat","background-position":"center center","background-size":"auto","background-attachment":"scroll","background-type":"","background-media":"","overlay-type":"","overlay-color":"","overlay-opacity":"","overlay-gradient":""},"tablet":{"background-color":"","background-image":"","background-repeat":"repeat","background-position":"center center","background-size":"auto","background-attachment":"scroll","background-type":"","background-media":"","overlay-type":"","overlay-color":"","overlay-opacity":"","overlay-gradient":""},"mobile":{"background-color":"","background-image":"","background-repeat":"repeat","background-position":"center center","background-size":"auto","background-attachment":"scroll","background-type":"","background-media":"","overlay-type":"","overlay-color":"","overlay-opacity":"","overlay-gradient":""}},"ast-content-background-meta":{"desktop":{"background-color":"var(--ast-global-color-5)","background-image":"","background-repeat":"repeat","background-position":"center center","background-size":"auto","background-attachment":"scroll","background-type":"","background-media":"","overlay-type":"","overlay-color":"","overlay-opacity":"","overlay-gradient":""},"tablet":{"background-color":"var(--ast-global-color-5)","background-image":"","background-repeat":"repeat","background-position":"center center","background-size":"auto","background-attachment":"scroll","background-type":"","background-media":"","overlay-type":"","overlay-color":"","overlay-opacity":"","overlay-gradient":""},"mobile":{"background-color":"var(--ast-global-color-5)","background-image":"","background-repeat":"repeat","background-position":"center center","background-size":"auto","background-attachment":"scroll","background-type":"","background-media":"","overlay-type":"","overlay-color":"","overlay-opacity":"","overlay-gradient":""}},"footnotes":""},"categories":[1],"tags":[],"class_list":["post-689","post","type-post","status-publish","format-standard","has-post-thumbnail","hentry","category-orokorra"],"acf":[],"yoast_head":"<!-- This site is optimized with the Yoast SEO plugin v27.1.1 - https:\/\/yoast.com\/product\/yoast-seo-wordpress\/ -->\n<title>Sistema de Acogida BATZEN; primeras iniciativas - Batzen<\/title>\n<meta name=\"description\" content=\"Ha pasado un mes desde que comenzamos a tejer la red BATZEN. Queremos celebrarla buena acogida del proyecto.\" \/>\n<meta name=\"robots\" content=\"index, follow, max-snippet:-1, max-image-preview:large, max-video-preview:-1\" \/>\n<link rel=\"canonical\" href=\"https:\/\/batzen.eus\/es\/sistema-de-acogida-batzen-primeras-iniciativas-20211118\/\" \/>\n<meta property=\"og:locale\" content=\"es_ES\" \/>\n<meta property=\"og:type\" content=\"article\" \/>\n<meta property=\"og:title\" content=\"Sistema de Acogida BATZEN; primeras iniciativas - Batzen\" \/>\n<meta property=\"og:description\" content=\"Ha pasado un mes desde que comenzamos a tejer la red BATZEN. Queremos celebrarla buena acogida del proyecto.\" \/>\n<meta property=\"og:url\" content=\"https:\/\/batzen.eus\/es\/sistema-de-acogida-batzen-primeras-iniciativas-20211118\/\" \/>\n<meta property=\"og:site_name\" content=\"Batzen\" \/>\n<meta property=\"article:published_time\" content=\"2021-11-18T12:30:00+00:00\" \/>\n<meta property=\"og:image\" content=\"https:\/\/batzen.eus\/wp-content\/uploads\/2021\/11\/28092021-DSC00514-scaled.jpg\" \/>\n\t<meta property=\"og:image:width\" content=\"2560\" \/>\n\t<meta property=\"og:image:height\" content=\"1439\" \/>\n\t<meta property=\"og:image:type\" content=\"image\/jpeg\" \/>\n<meta name=\"author\" content=\"zabalduz\" \/>\n<meta name=\"twitter:card\" content=\"summary_large_image\" \/>\n<meta name=\"twitter:image\" content=\"https:\/\/batzen.eus\/wp-content\/uploads\/2021\/11\/28092021-DSC00514-scaled.jpg\" \/>\n<meta name=\"twitter:label1\" content=\"Escrito por\" \/>\n\t<meta name=\"twitter:data1\" content=\"zabalduz\" \/>\n\t<meta name=\"twitter:label2\" content=\"Tiempo de lectura\" \/>\n\t<meta name=\"twitter:data2\" content=\"1 minuto\" \/>\n<script type=\"application\/ld+json\" class=\"yoast-schema-graph\">{\"@context\":\"https:\/\/schema.org\",\"@graph\":[{\"@type\":\"Article\",\"@id\":\"https:\/\/batzen.eus\/es\/sistema-de-acogida-batzen-primeras-iniciativas-20211118\/#article\",\"isPartOf\":{\"@id\":\"https:\/\/batzen.eus\/es\/sistema-de-acogida-batzen-primeras-iniciativas-20211118\/\"},\"author\":{\"name\":\"zabalduz\",\"@id\":\"https:\/\/batzen.eus\/es\/#\/schema\/person\/1105d9490bc02098ed28699bff3757d2\"},\"headline\":\"Sistema de Acogida BATZEN; primeras iniciativas\",\"datePublished\":\"2021-11-18T12:30:00+00:00\",\"mainEntityOfPage\":{\"@id\":\"https:\/\/batzen.eus\/es\/sistema-de-acogida-batzen-primeras-iniciativas-20211118\/\"},\"wordCount\":205,\"publisher\":{\"@id\":\"https:\/\/batzen.eus\/es\/#organization\"},\"image\":{\"@id\":\"https:\/\/batzen.eus\/es\/sistema-de-acogida-batzen-primeras-iniciativas-20211118\/#primaryimage\"},\"thumbnailUrl\":\"https:\/\/batzen.eus\/wp-content\/uploads\/2021\/11\/28092021-DSC00514-scaled.jpg\",\"articleSection\":[\"Orokorra\"],\"inLanguage\":\"es\"},{\"@type\":\"WebPage\",\"@id\":\"https:\/\/batzen.eus\/es\/sistema-de-acogida-batzen-primeras-iniciativas-20211118\/\",\"url\":\"https:\/\/batzen.eus\/es\/sistema-de-acogida-batzen-primeras-iniciativas-20211118\/\",\"name\":\"Sistema de Acogida BATZEN; primeras iniciativas - Batzen\",\"isPartOf\":{\"@id\":\"https:\/\/batzen.eus\/es\/#website\"},\"primaryImageOfPage\":{\"@id\":\"https:\/\/batzen.eus\/es\/sistema-de-acogida-batzen-primeras-iniciativas-20211118\/#primaryimage\"},\"image\":{\"@id\":\"https:\/\/batzen.eus\/es\/sistema-de-acogida-batzen-primeras-iniciativas-20211118\/#primaryimage\"},\"thumbnailUrl\":\"https:\/\/batzen.eus\/wp-content\/uploads\/2021\/11\/28092021-DSC00514-scaled.jpg\",\"datePublished\":\"2021-11-18T12:30:00+00:00\",\"description\":\"Ha pasado un mes desde que comenzamos a tejer la red BATZEN. Queremos celebrarla buena acogida del proyecto.\",\"breadcrumb\":{\"@id\":\"https:\/\/batzen.eus\/es\/sistema-de-acogida-batzen-primeras-iniciativas-20211118\/#breadcrumb\"},\"inLanguage\":\"es\",\"potentialAction\":[{\"@type\":\"ReadAction\",\"target\":[\"https:\/\/batzen.eus\/es\/sistema-de-acogida-batzen-primeras-iniciativas-20211118\/\"]}]},{\"@type\":\"ImageObject\",\"inLanguage\":\"es\",\"@id\":\"https:\/\/batzen.eus\/es\/sistema-de-acogida-batzen-primeras-iniciativas-20211118\/#primaryimage\",\"url\":\"https:\/\/batzen.eus\/wp-content\/uploads\/2021\/11\/28092021-DSC00514-scaled.jpg\",\"contentUrl\":\"https:\/\/batzen.eus\/wp-content\/uploads\/2021\/11\/28092021-DSC00514-scaled.jpg\",\"width\":2560,\"height\":1439},{\"@type\":\"BreadcrumbList\",\"@id\":\"https:\/\/batzen.eus\/es\/sistema-de-acogida-batzen-primeras-iniciativas-20211118\/#breadcrumb\",\"itemListElement\":[{\"@type\":\"ListItem\",\"position\":1,\"name\":\"Home\",\"item\":\"https:\/\/batzen.eus\/es\/\"},{\"@type\":\"ListItem\",\"position\":2,\"name\":\"Sistema de Acogida BATZEN; primeras iniciativas\"}]},{\"@type\":\"WebSite\",\"@id\":\"https:\/\/batzen.eus\/es\/#website\",\"url\":\"https:\/\/batzen.eus\/es\/\",\"name\":\"Batzen\",\"description\":\"Gazteak Enpleguratzeko Harrera Sistema\",\"publisher\":{\"@id\":\"https:\/\/batzen.eus\/es\/#organization\"},\"potentialAction\":[{\"@type\":\"SearchAction\",\"target\":{\"@type\":\"EntryPoint\",\"urlTemplate\":\"https:\/\/batzen.eus\/es\/?s={search_term_string}\"},\"query-input\":{\"@type\":\"PropertyValueSpecification\",\"valueRequired\":true,\"valueName\":\"search_term_string\"}}],\"inLanguage\":\"es\"},{\"@type\":\"Organization\",\"@id\":\"https:\/\/batzen.eus\/es\/#organization\",\"name\":\"Batzen\",\"url\":\"https:\/\/batzen.eus\/es\/\",\"logo\":{\"@type\":\"ImageObject\",\"inLanguage\":\"es\",\"@id\":\"https:\/\/batzen.eus\/es\/#\/schema\/logo\/image\/\",\"url\":\"https:\/\/batzen.eus\/wp-content\/uploads\/2021\/09\/Batzen-H-testuarekin-Kolore.png\",\"contentUrl\":\"https:\/\/batzen.eus\/wp-content\/uploads\/2021\/09\/Batzen-H-testuarekin-Kolore.png\",\"width\":1134,\"height\":386,\"caption\":\"Batzen\"},\"image\":{\"@id\":\"https:\/\/batzen.eus\/es\/#\/schema\/logo\/image\/\"}},{\"@type\":\"Person\",\"@id\":\"https:\/\/batzen.eus\/es\/#\/schema\/person\/1105d9490bc02098ed28699bff3757d2\",\"name\":\"zabalduz\"}]}<\/script>\n<!-- \/ Yoast SEO plugin. -->","yoast_head_json":{"title":"Sistema de Acogida BATZEN; primeras iniciativas - Batzen","description":"Ha pasado un mes desde que comenzamos a tejer la red BATZEN. Queremos celebrarla buena acogida del proyecto.","robots":{"index":"index","follow":"follow","max-snippet":"max-snippet:-1","max-image-preview":"max-image-preview:large","max-video-preview":"max-video-preview:-1"},"canonical":"https:\/\/batzen.eus\/es\/sistema-de-acogida-batzen-primeras-iniciativas-20211118\/","og_locale":"es_ES","og_type":"article","og_title":"Sistema de Acogida BATZEN; primeras iniciativas - Batzen","og_description":"Ha pasado un mes desde que comenzamos a tejer la red BATZEN. Queremos celebrarla buena acogida del proyecto.","og_url":"https:\/\/batzen.eus\/es\/sistema-de-acogida-batzen-primeras-iniciativas-20211118\/","og_site_name":"Batzen","article_published_time":"2021-11-18T12:30:00+00:00","og_image":[{"width":2560,"height":1439,"url":"https:\/\/batzen.eus\/wp-content\/uploads\/2021\/11\/28092021-DSC00514-scaled.jpg","type":"image\/jpeg"}],"author":"zabalduz","twitter_card":"summary_large_image","twitter_image":"https:\/\/batzen.eus\/wp-content\/uploads\/2021\/11\/28092021-DSC00514-scaled.jpg","twitter_misc":{"Escrito por":"zabalduz","Tiempo de lectura":"1 minuto"},"schema":{"@context":"https:\/\/schema.org","@graph":[{"@type":"Article","@id":"https:\/\/batzen.eus\/es\/sistema-de-acogida-batzen-primeras-iniciativas-20211118\/#article","isPartOf":{"@id":"https:\/\/batzen.eus\/es\/sistema-de-acogida-batzen-primeras-iniciativas-20211118\/"},"author":{"name":"zabalduz","@id":"https:\/\/batzen.eus\/es\/#\/schema\/person\/1105d9490bc02098ed28699bff3757d2"},"headline":"Sistema de Acogida BATZEN; primeras iniciativas","datePublished":"2021-11-18T12:30:00+00:00","mainEntityOfPage":{"@id":"https:\/\/batzen.eus\/es\/sistema-de-acogida-batzen-primeras-iniciativas-20211118\/"},"wordCount":205,"publisher":{"@id":"https:\/\/batzen.eus\/es\/#organization"},"image":{"@id":"https:\/\/batzen.eus\/es\/sistema-de-acogida-batzen-primeras-iniciativas-20211118\/#primaryimage"},"thumbnailUrl":"https:\/\/batzen.eus\/wp-content\/uploads\/2021\/11\/28092021-DSC00514-scaled.jpg","articleSection":["Orokorra"],"inLanguage":"es"},{"@type":"WebPage","@id":"https:\/\/batzen.eus\/es\/sistema-de-acogida-batzen-primeras-iniciativas-20211118\/","url":"https:\/\/batzen.eus\/es\/sistema-de-acogida-batzen-primeras-iniciativas-20211118\/","name":"Sistema de Acogida BATZEN; primeras iniciativas - Batzen","isPartOf":{"@id":"https:\/\/batzen.eus\/es\/#website"},"primaryImageOfPage":{"@id":"https:\/\/batzen.eus\/es\/sistema-de-acogida-batzen-primeras-iniciativas-20211118\/#primaryimage"},"image":{"@id":"https:\/\/batzen.eus\/es\/sistema-de-acogida-batzen-primeras-iniciativas-20211118\/#primaryimage"},"thumbnailUrl":"https:\/\/batzen.eus\/wp-content\/uploads\/2021\/11\/28092021-DSC00514-scaled.jpg","datePublished":"2021-11-18T12:30:00+00:00","description":"Ha pasado un mes desde que comenzamos a tejer la red BATZEN. Queremos celebrarla buena acogida del proyecto.","breadcrumb":{"@id":"https:\/\/batzen.eus\/es\/sistema-de-acogida-batzen-primeras-iniciativas-20211118\/#breadcrumb"},"inLanguage":"es","potentialAction":[{"@type":"ReadAction","target":["https:\/\/batzen.eus\/es\/sistema-de-acogida-batzen-primeras-iniciativas-20211118\/"]}]},{"@type":"ImageObject","inLanguage":"es","@id":"https:\/\/batzen.eus\/es\/sistema-de-acogida-batzen-primeras-iniciativas-20211118\/#primaryimage","url":"https:\/\/batzen.eus\/wp-content\/uploads\/2021\/11\/28092021-DSC00514-scaled.jpg","contentUrl":"https:\/\/batzen.eus\/wp-content\/uploads\/2021\/11\/28092021-DSC00514-scaled.jpg","width":2560,"height":1439},{"@type":"BreadcrumbList","@id":"https:\/\/batzen.eus\/es\/sistema-de-acogida-batzen-primeras-iniciativas-20211118\/#breadcrumb","itemListElement":[{"@type":"ListItem","position":1,"name":"Home","item":"https:\/\/batzen.eus\/es\/"},{"@type":"ListItem","position":2,"name":"Sistema de Acogida BATZEN; primeras iniciativas"}]},{"@type":"WebSite","@id":"https:\/\/batzen.eus\/es\/#website","url":"https:\/\/batzen.eus\/es\/","name":"Batzen","description":"Gazteak Enpleguratzeko Harrera Sistema","publisher":{"@id":"https:\/\/batzen.eus\/es\/#organization"},"potentialAction":[{"@type":"SearchAction","target":{"@type":"EntryPoint","urlTemplate":"https:\/\/batzen.eus\/es\/?s={search_term_string}"},"query-input":{"@type":"PropertyValueSpecification","valueRequired":true,"valueName":"search_term_string"}}],"inLanguage":"es"},{"@type":"Organization","@id":"https:\/\/batzen.eus\/es\/#organization","name":"Batzen","url":"https:\/\/batzen.eus\/es\/","logo":{"@type":"ImageObject","inLanguage":"es","@id":"https:\/\/batzen.eus\/es\/#\/schema\/logo\/image\/","url":"https:\/\/batzen.eus\/wp-content\/uploads\/2021\/09\/Batzen-H-testuarekin-Kolore.png","contentUrl":"https:\/\/batzen.eus\/wp-content\/uploads\/2021\/09\/Batzen-H-testuarekin-Kolore.png","width":1134,"height":386,"caption":"Batzen"},"image":{"@id":"https:\/\/batzen.eus\/es\/#\/schema\/logo\/image\/"}},{"@type":"Person","@id":"https:\/\/batzen.eus\/es\/#\/schema\/person\/1105d9490bc02098ed28699bff3757d2","name":"zabalduz"}]}},"_links":{"self":[{"href":"https:\/\/batzen.eus\/es\/wp-json\/wp\/v2\/posts\/689","targetHints":{"allow":["GET"]}}],"collection":[{"href":"https:\/\/batzen.eus\/es\/wp-json\/wp\/v2\/posts"}],"about":[{"href":"https:\/\/batzen.eus\/es\/wp-json\/wp\/v2\/types\/post"}],"author":[{"embeddable":true,"href":"https:\/\/batzen.eus\/es\/wp-json\/wp\/v2\/users\/2"}],"replies":[{"embeddable":true,"href":"https:\/\/batzen.eus\/es\/wp-json\/wp\/v2\/comments?post=689"}],"version-history":[{"count":2,"href":"https:\/\/batzen.eus\/es\/wp-json\/wp\/v2\/posts\/689\/revisions"}],"predecessor-version":[{"id":691,"href":"https:\/\/batzen.eus\/es\/wp-json\/wp\/v2\/posts\/689\/revisions\/691"}],"wp:featuredmedia":[{"embeddable":true,"href":"https:\/\/batzen.eus\/es\/wp-json\/wp\/v2\/media\/686"}],"wp:attachment":[{"href":"https:\/\/batzen.eus\/es\/wp-json\/wp\/v2\/media?parent=689"}],"wp:term":[{"taxonomy":"category","embeddable":true,"href":"https:\/\/batzen.eus\/es\/wp-json\/wp\/v2\/categories?post=689"},{"taxonomy":"post_tag","embeddable":true,"href":"https:\/\/batzen.eus\/es\/wp-json\/wp\/v2\/tags?post=689"}],"curies":[{"name":"wp","href":"https:\/\/api.w.org\/{rel}","templated":true}]}}