{"id":1439,"date":"2024-05-21T11:30:43","date_gmt":"2024-05-21T09:30:43","guid":{"rendered":"https:\/\/batzen.eus\/?p=1439"},"modified":"2024-05-21T11:30:45","modified_gmt":"2024-05-21T09:30:45","slug":"experiencia-de-aqdas-y-ana-convenio-de-inclusion-en-batzen","status":"publish","type":"post","link":"https:\/\/batzen.eus\/es\/experiencia-de-aqdas-y-ana-convenio-de-inclusion-en-batzen-20240521\/","title":{"rendered":"Experiencia de Aqdas y Ana: convenio de inclusi\u00f3n en BATZEN"},"content":{"rendered":"\n<p>La experiencia de Aqdas y de Ana sobre el Convenio de Inclusi\u00f3n de BATZEN<\/p>\n\n\n\n<p>Con la segunda metodolog\u00eda del Sistema de Acogida al Empleo Juvenil BATZEN, dise\u00f1amos itinerarios personalizados para j\u00f3venes y trabajamos los procesos de inserci\u00f3n laboral a medio-largo plazo.<\/p>\n\n\n\n<p><br>De esta forma, podemos recoger las necesidades que existen entre el\/la joven que participa en BATZEN y la Empresa de Acogida y trabajar un itinerario para buscar cumplir los requisitos por ambas partes. Recogemos este itinerario en el documento que llamamos CONVENIO DE INCLUSI\u00d3N, consensuado entre el\/la joven, su equipo educativo, la Empresa de Acogida y BATZEN. En algunos casos, adem\u00e1s, los <strong>centros de formaci\u00f3n<\/strong> suelen ser una pieza clave en los itinerarios, ya que la activaci\u00f3n de los periodos de pr\u00e1cticas es realmente \u00fatil antes de darse una contrataci\u00f3n.<\/p>\n\n\n\n<p><br>En este v\u00eddeo se recoge, por un lado, la experiencia de Aqdas en su itinerario, as\u00ed como la de Ana, tutora de Aqdas desde el centro de formaci\u00f3n Nazaret, que juega un papel fundamental en la trayectoria sociolaboral de la joven.<\/p>\n\n\n\n<p>Propuesta de itinerario:<br>Conocer la Empresa de Acogida > dise\u00f1ar pr\u00e1cticas > activar la formaci\u00f3n DUAL para combinar estudios y trabajo > valorar las opciones de contrato laboral<\/p>\n\n\n\n<p>Mila esker Aqdas y centro Nazaret por participar y compartir momentos tan bonitos con nosotras.<\/p>\n\n\n\n<figure class=\"wp-block-embed is-type-video is-provider-youtube wp-block-embed-youtube wp-embed-aspect-16-9 wp-has-aspect-ratio\"><div class=\"wp-block-embed__wrapper\">\n<iframe title=\"Aqdas eta Anaren esperientzia, Inklusio Hitzarmenen inguruan\" width=\"500\" height=\"281\" src=\"https:\/\/www.youtube.com\/embed\/N7OkqzFQQYg?feature=oembed\" frameborder=\"0\" allow=\"accelerometer; autoplay; clipboard-write; encrypted-media; gyroscope; picture-in-picture; web-share\" referrerpolicy=\"strict-origin-when-cross-origin\" allowfullscreen><\/iframe>\n<\/div><\/figure>\n","protected":false},"excerpt":{"rendered":"<p>La experiencia de Aqdas y de Ana sobre el Convenio de Inclusi\u00f3n de BATZEN Con la segunda metodolog\u00eda del Sistema de Acogida al Empleo Juvenil BATZEN, dise\u00f1amos itinerarios personalizados para j\u00f3venes y trabajamos los procesos de inserci\u00f3n laboral a medio-largo plazo. De esta forma, podemos recoger las necesidades que existen entre el\/la joven que participa [&hellip;]<\/p>\n","protected":false},"author":2,"featured_media":1437,"comment_status":"closed","ping_status":"open","sticky":false,"template":"","format":"standard","meta":{"_acf_changed":false,"site-sidebar-layout":"default","site-content-layout":"default","ast-site-content-layout":"default","site-content-style":"default","site-sidebar-style":"default","ast-global-header-display":"","ast-banner-title-visibility":"","ast-main-header-display":"","ast-hfb-above-header-display":"","ast-hfb-below-header-display":"","ast-hfb-mobile-header-display":"","site-post-title":"","ast-breadcrumbs-content":"","ast-featured-img":"","footer-sml-layout":"","ast-disable-related-posts":"","theme-transparent-header-meta":"default","adv-header-id-meta":"","stick-header-meta":"default","header-above-stick-meta":"","header-main-stick-meta":"","header-below-stick-meta":"","astra-migrate-meta-layouts":"default","ast-page-background-enabled":"default","ast-page-background-meta":{"desktop":{"background-color":"","background-image":"","background-repeat":"repeat","background-position":"center center","background-size":"auto","background-attachment":"scroll","background-type":"","background-media":"","overlay-type":"","overlay-color":"","overlay-opacity":"","overlay-gradient":""},"tablet":{"background-color":"","background-image":"","background-repeat":"repeat","background-position":"center center","background-size":"auto","background-attachment":"scroll","background-type":"","background-media":"","overlay-type":"","overlay-color":"","overlay-opacity":"","overlay-gradient":""},"mobile":{"background-color":"","background-image":"","background-repeat":"repeat","background-position":"center center","background-size":"auto","background-attachment":"scroll","background-type":"","background-media":"","overlay-type":"","overlay-color":"","overlay-opacity":"","overlay-gradient":""}},"ast-content-background-meta":{"desktop":{"background-color":"var(--ast-global-color-5)","background-image":"","background-repeat":"repeat","background-position":"center center","background-size":"auto","background-attachment":"scroll","background-type":"","background-media":"","overlay-type":"","overlay-color":"","overlay-opacity":"","overlay-gradient":""},"tablet":{"background-color":"var(--ast-global-color-5)","background-image":"","background-repeat":"repeat","background-position":"center center","background-size":"auto","background-attachment":"scroll","background-type":"","background-media":"","overlay-type":"","overlay-color":"","overlay-opacity":"","overlay-gradient":""},"mobile":{"background-color":"var(--ast-global-color-5)","background-image":"","background-repeat":"repeat","background-position":"center center","background-size":"auto","background-attachment":"scroll","background-type":"","background-media":"","overlay-type":"","overlay-color":"","overlay-opacity":"","overlay-gradient":""}},"footnotes":""},"categories":[12,16],"tags":[],"class_list":["post-1439","post","type-post","status-publish","format-standard","has-post-thumbnail","hentry","category-batzen-cas","category-jovenes"],"acf":[],"yoast_head":"<!-- This site is optimized with the Yoast SEO plugin v27.1.1 - https:\/\/yoast.com\/product\/yoast-seo-wordpress\/ -->\n<title>Experiencia de Aqdas y Ana: convenio de inclusi\u00f3n en BATZEN - Batzen<\/title>\n<meta name=\"description\" content=\"Con la segunda metodolog\u00eda del Sistema de Acogida al Empleo Juvenil BATZEN, dise\u00f1amos itinerarios personalizados para j\u00f3venes y trabajamos los procesos de inserci\u00f3n laboral a medio-largo plazo.\" \/>\n<meta name=\"robots\" content=\"index, follow, max-snippet:-1, max-image-preview:large, max-video-preview:-1\" \/>\n<link rel=\"canonical\" href=\"https:\/\/batzen.eus\/es\/experiencia-de-aqdas-y-ana-convenio-de-inclusion-en-batzen-20240521\/\" \/>\n<meta property=\"og:locale\" content=\"es_ES\" \/>\n<meta property=\"og:type\" content=\"article\" \/>\n<meta property=\"og:title\" content=\"Experiencia de Aqdas y Ana: convenio de inclusi\u00f3n en BATZEN - Batzen\" \/>\n<meta property=\"og:description\" content=\"Con la segunda metodolog\u00eda del Sistema de Acogida al Empleo Juvenil BATZEN, dise\u00f1amos itinerarios personalizados para j\u00f3venes y trabajamos los procesos de inserci\u00f3n laboral a medio-largo plazo.\" \/>\n<meta property=\"og:url\" content=\"https:\/\/batzen.eus\/es\/experiencia-de-aqdas-y-ana-convenio-de-inclusion-en-batzen-20240521\/\" \/>\n<meta property=\"og:site_name\" content=\"Batzen\" \/>\n<meta property=\"article:published_time\" content=\"2024-05-21T09:30:43+00:00\" \/>\n<meta property=\"article:modified_time\" content=\"2024-05-21T09:30:45+00:00\" \/>\n<meta property=\"og:image\" content=\"https:\/\/batzen.eus\/wp-content\/uploads\/2024\/05\/DSC05050-scaled.jpg\" \/>\n\t<meta property=\"og:image:width\" content=\"2560\" \/>\n\t<meta property=\"og:image:height\" content=\"1439\" \/>\n\t<meta property=\"og:image:type\" content=\"image\/jpeg\" \/>\n<meta name=\"author\" content=\"zabalduz\" \/>\n<meta name=\"twitter:card\" content=\"summary_large_image\" \/>\n<meta name=\"twitter:label1\" content=\"Escrito por\" \/>\n\t<meta name=\"twitter:data1\" content=\"zabalduz\" \/>\n\t<meta name=\"twitter:label2\" content=\"Tiempo de lectura\" \/>\n\t<meta name=\"twitter:data2\" content=\"1 minuto\" \/>\n<script type=\"application\/ld+json\" class=\"yoast-schema-graph\">{\"@context\":\"https:\/\/schema.org\",\"@graph\":[{\"@type\":\"Article\",\"@id\":\"https:\/\/batzen.eus\/es\/experiencia-de-aqdas-y-ana-convenio-de-inclusion-en-batzen-20240521\/#article\",\"isPartOf\":{\"@id\":\"https:\/\/batzen.eus\/es\/experiencia-de-aqdas-y-ana-convenio-de-inclusion-en-batzen-20240521\/\"},\"author\":{\"name\":\"zabalduz\",\"@id\":\"https:\/\/batzen.eus\/es\/#\/schema\/person\/1105d9490bc02098ed28699bff3757d2\"},\"headline\":\"Experiencia de Aqdas y Ana: convenio de inclusi\u00f3n en BATZEN\",\"datePublished\":\"2024-05-21T09:30:43+00:00\",\"dateModified\":\"2024-05-21T09:30:45+00:00\",\"mainEntityOfPage\":{\"@id\":\"https:\/\/batzen.eus\/es\/experiencia-de-aqdas-y-ana-convenio-de-inclusion-en-batzen-20240521\/\"},\"wordCount\":246,\"publisher\":{\"@id\":\"https:\/\/batzen.eus\/es\/#organization\"},\"image\":{\"@id\":\"https:\/\/batzen.eus\/es\/experiencia-de-aqdas-y-ana-convenio-de-inclusion-en-batzen-20240521\/#primaryimage\"},\"thumbnailUrl\":\"https:\/\/batzen.eus\/wp-content\/uploads\/2024\/05\/DSC05050-scaled.jpg\",\"articleSection\":[\"Batzen\",\"J\u00f3venes\"],\"inLanguage\":\"es\"},{\"@type\":\"WebPage\",\"@id\":\"https:\/\/batzen.eus\/es\/experiencia-de-aqdas-y-ana-convenio-de-inclusion-en-batzen-20240521\/\",\"url\":\"https:\/\/batzen.eus\/es\/experiencia-de-aqdas-y-ana-convenio-de-inclusion-en-batzen-20240521\/\",\"name\":\"Experiencia de Aqdas y Ana: convenio de inclusi\u00f3n en BATZEN - Batzen\",\"isPartOf\":{\"@id\":\"https:\/\/batzen.eus\/es\/#website\"},\"primaryImageOfPage\":{\"@id\":\"https:\/\/batzen.eus\/es\/experiencia-de-aqdas-y-ana-convenio-de-inclusion-en-batzen-20240521\/#primaryimage\"},\"image\":{\"@id\":\"https:\/\/batzen.eus\/es\/experiencia-de-aqdas-y-ana-convenio-de-inclusion-en-batzen-20240521\/#primaryimage\"},\"thumbnailUrl\":\"https:\/\/batzen.eus\/wp-content\/uploads\/2024\/05\/DSC05050-scaled.jpg\",\"datePublished\":\"2024-05-21T09:30:43+00:00\",\"dateModified\":\"2024-05-21T09:30:45+00:00\",\"description\":\"Con la segunda metodolog\u00eda del Sistema de Acogida al Empleo Juvenil BATZEN, dise\u00f1amos itinerarios personalizados para j\u00f3venes y trabajamos los procesos de inserci\u00f3n laboral a medio-largo plazo.\",\"breadcrumb\":{\"@id\":\"https:\/\/batzen.eus\/es\/experiencia-de-aqdas-y-ana-convenio-de-inclusion-en-batzen-20240521\/#breadcrumb\"},\"inLanguage\":\"es\",\"potentialAction\":[{\"@type\":\"ReadAction\",\"target\":[\"https:\/\/batzen.eus\/es\/experiencia-de-aqdas-y-ana-convenio-de-inclusion-en-batzen-20240521\/\"]}]},{\"@type\":\"ImageObject\",\"inLanguage\":\"es\",\"@id\":\"https:\/\/batzen.eus\/es\/experiencia-de-aqdas-y-ana-convenio-de-inclusion-en-batzen-20240521\/#primaryimage\",\"url\":\"https:\/\/batzen.eus\/wp-content\/uploads\/2024\/05\/DSC05050-scaled.jpg\",\"contentUrl\":\"https:\/\/batzen.eus\/wp-content\/uploads\/2024\/05\/DSC05050-scaled.jpg\",\"width\":2560,\"height\":1439,\"caption\":\"Aqdas Malik\"},{\"@type\":\"BreadcrumbList\",\"@id\":\"https:\/\/batzen.eus\/es\/experiencia-de-aqdas-y-ana-convenio-de-inclusion-en-batzen-20240521\/#breadcrumb\",\"itemListElement\":[{\"@type\":\"ListItem\",\"position\":1,\"name\":\"Home\",\"item\":\"https:\/\/batzen.eus\/es\/\"},{\"@type\":\"ListItem\",\"position\":2,\"name\":\"Experiencia de Aqdas y Ana: convenio de inclusi\u00f3n en BATZEN\"}]},{\"@type\":\"WebSite\",\"@id\":\"https:\/\/batzen.eus\/es\/#website\",\"url\":\"https:\/\/batzen.eus\/es\/\",\"name\":\"Batzen\",\"description\":\"Gazteak Enpleguratzeko Harrera Sistema\",\"publisher\":{\"@id\":\"https:\/\/batzen.eus\/es\/#organization\"},\"potentialAction\":[{\"@type\":\"SearchAction\",\"target\":{\"@type\":\"EntryPoint\",\"urlTemplate\":\"https:\/\/batzen.eus\/es\/?s={search_term_string}\"},\"query-input\":{\"@type\":\"PropertyValueSpecification\",\"valueRequired\":true,\"valueName\":\"search_term_string\"}}],\"inLanguage\":\"es\"},{\"@type\":\"Organization\",\"@id\":\"https:\/\/batzen.eus\/es\/#organization\",\"name\":\"Batzen\",\"url\":\"https:\/\/batzen.eus\/es\/\",\"logo\":{\"@type\":\"ImageObject\",\"inLanguage\":\"es\",\"@id\":\"https:\/\/batzen.eus\/es\/#\/schema\/logo\/image\/\",\"url\":\"https:\/\/batzen.eus\/wp-content\/uploads\/2021\/09\/Batzen-H-testuarekin-Kolore.png\",\"contentUrl\":\"https:\/\/batzen.eus\/wp-content\/uploads\/2021\/09\/Batzen-H-testuarekin-Kolore.png\",\"width\":1134,\"height\":386,\"caption\":\"Batzen\"},\"image\":{\"@id\":\"https:\/\/batzen.eus\/es\/#\/schema\/logo\/image\/\"}},{\"@type\":\"Person\",\"@id\":\"https:\/\/batzen.eus\/es\/#\/schema\/person\/1105d9490bc02098ed28699bff3757d2\",\"name\":\"zabalduz\"}]}<\/script>\n<!-- \/ Yoast SEO plugin. -->","yoast_head_json":{"title":"Experiencia de Aqdas y Ana: convenio de inclusi\u00f3n en BATZEN - Batzen","description":"Con la segunda metodolog\u00eda del Sistema de Acogida al Empleo Juvenil BATZEN, dise\u00f1amos itinerarios personalizados para j\u00f3venes y trabajamos los procesos de inserci\u00f3n laboral a medio-largo plazo.","robots":{"index":"index","follow":"follow","max-snippet":"max-snippet:-1","max-image-preview":"max-image-preview:large","max-video-preview":"max-video-preview:-1"},"canonical":"https:\/\/batzen.eus\/es\/experiencia-de-aqdas-y-ana-convenio-de-inclusion-en-batzen-20240521\/","og_locale":"es_ES","og_type":"article","og_title":"Experiencia de Aqdas y Ana: convenio de inclusi\u00f3n en BATZEN - Batzen","og_description":"Con la segunda metodolog\u00eda del Sistema de Acogida al Empleo Juvenil BATZEN, dise\u00f1amos itinerarios personalizados para j\u00f3venes y trabajamos los procesos de inserci\u00f3n laboral a medio-largo plazo.","og_url":"https:\/\/batzen.eus\/es\/experiencia-de-aqdas-y-ana-convenio-de-inclusion-en-batzen-20240521\/","og_site_name":"Batzen","article_published_time":"2024-05-21T09:30:43+00:00","article_modified_time":"2024-05-21T09:30:45+00:00","og_image":[{"width":2560,"height":1439,"url":"https:\/\/batzen.eus\/wp-content\/uploads\/2024\/05\/DSC05050-scaled.jpg","type":"image\/jpeg"}],"author":"zabalduz","twitter_card":"summary_large_image","twitter_misc":{"Escrito por":"zabalduz","Tiempo de lectura":"1 minuto"},"schema":{"@context":"https:\/\/schema.org","@graph":[{"@type":"Article","@id":"https:\/\/batzen.eus\/es\/experiencia-de-aqdas-y-ana-convenio-de-inclusion-en-batzen-20240521\/#article","isPartOf":{"@id":"https:\/\/batzen.eus\/es\/experiencia-de-aqdas-y-ana-convenio-de-inclusion-en-batzen-20240521\/"},"author":{"name":"zabalduz","@id":"https:\/\/batzen.eus\/es\/#\/schema\/person\/1105d9490bc02098ed28699bff3757d2"},"headline":"Experiencia de Aqdas y Ana: convenio de inclusi\u00f3n en BATZEN","datePublished":"2024-05-21T09:30:43+00:00","dateModified":"2024-05-21T09:30:45+00:00","mainEntityOfPage":{"@id":"https:\/\/batzen.eus\/es\/experiencia-de-aqdas-y-ana-convenio-de-inclusion-en-batzen-20240521\/"},"wordCount":246,"publisher":{"@id":"https:\/\/batzen.eus\/es\/#organization"},"image":{"@id":"https:\/\/batzen.eus\/es\/experiencia-de-aqdas-y-ana-convenio-de-inclusion-en-batzen-20240521\/#primaryimage"},"thumbnailUrl":"https:\/\/batzen.eus\/wp-content\/uploads\/2024\/05\/DSC05050-scaled.jpg","articleSection":["Batzen","J\u00f3venes"],"inLanguage":"es"},{"@type":"WebPage","@id":"https:\/\/batzen.eus\/es\/experiencia-de-aqdas-y-ana-convenio-de-inclusion-en-batzen-20240521\/","url":"https:\/\/batzen.eus\/es\/experiencia-de-aqdas-y-ana-convenio-de-inclusion-en-batzen-20240521\/","name":"Experiencia de Aqdas y Ana: convenio de inclusi\u00f3n en BATZEN - Batzen","isPartOf":{"@id":"https:\/\/batzen.eus\/es\/#website"},"primaryImageOfPage":{"@id":"https:\/\/batzen.eus\/es\/experiencia-de-aqdas-y-ana-convenio-de-inclusion-en-batzen-20240521\/#primaryimage"},"image":{"@id":"https:\/\/batzen.eus\/es\/experiencia-de-aqdas-y-ana-convenio-de-inclusion-en-batzen-20240521\/#primaryimage"},"thumbnailUrl":"https:\/\/batzen.eus\/wp-content\/uploads\/2024\/05\/DSC05050-scaled.jpg","datePublished":"2024-05-21T09:30:43+00:00","dateModified":"2024-05-21T09:30:45+00:00","description":"Con la segunda metodolog\u00eda del Sistema de Acogida al Empleo Juvenil BATZEN, dise\u00f1amos itinerarios personalizados para j\u00f3venes y trabajamos los procesos de inserci\u00f3n laboral a medio-largo plazo.","breadcrumb":{"@id":"https:\/\/batzen.eus\/es\/experiencia-de-aqdas-y-ana-convenio-de-inclusion-en-batzen-20240521\/#breadcrumb"},"inLanguage":"es","potentialAction":[{"@type":"ReadAction","target":["https:\/\/batzen.eus\/es\/experiencia-de-aqdas-y-ana-convenio-de-inclusion-en-batzen-20240521\/"]}]},{"@type":"ImageObject","inLanguage":"es","@id":"https:\/\/batzen.eus\/es\/experiencia-de-aqdas-y-ana-convenio-de-inclusion-en-batzen-20240521\/#primaryimage","url":"https:\/\/batzen.eus\/wp-content\/uploads\/2024\/05\/DSC05050-scaled.jpg","contentUrl":"https:\/\/batzen.eus\/wp-content\/uploads\/2024\/05\/DSC05050-scaled.jpg","width":2560,"height":1439,"caption":"Aqdas Malik"},{"@type":"BreadcrumbList","@id":"https:\/\/batzen.eus\/es\/experiencia-de-aqdas-y-ana-convenio-de-inclusion-en-batzen-20240521\/#breadcrumb","itemListElement":[{"@type":"ListItem","position":1,"name":"Home","item":"https:\/\/batzen.eus\/es\/"},{"@type":"ListItem","position":2,"name":"Experiencia de Aqdas y Ana: convenio de inclusi\u00f3n en BATZEN"}]},{"@type":"WebSite","@id":"https:\/\/batzen.eus\/es\/#website","url":"https:\/\/batzen.eus\/es\/","name":"Batzen","description":"Gazteak Enpleguratzeko Harrera Sistema","publisher":{"@id":"https:\/\/batzen.eus\/es\/#organization"},"potentialAction":[{"@type":"SearchAction","target":{"@type":"EntryPoint","urlTemplate":"https:\/\/batzen.eus\/es\/?s={search_term_string}"},"query-input":{"@type":"PropertyValueSpecification","valueRequired":true,"valueName":"search_term_string"}}],"inLanguage":"es"},{"@type":"Organization","@id":"https:\/\/batzen.eus\/es\/#organization","name":"Batzen","url":"https:\/\/batzen.eus\/es\/","logo":{"@type":"ImageObject","inLanguage":"es","@id":"https:\/\/batzen.eus\/es\/#\/schema\/logo\/image\/","url":"https:\/\/batzen.eus\/wp-content\/uploads\/2021\/09\/Batzen-H-testuarekin-Kolore.png","contentUrl":"https:\/\/batzen.eus\/wp-content\/uploads\/2021\/09\/Batzen-H-testuarekin-Kolore.png","width":1134,"height":386,"caption":"Batzen"},"image":{"@id":"https:\/\/batzen.eus\/es\/#\/schema\/logo\/image\/"}},{"@type":"Person","@id":"https:\/\/batzen.eus\/es\/#\/schema\/person\/1105d9490bc02098ed28699bff3757d2","name":"zabalduz"}]}},"_links":{"self":[{"href":"https:\/\/batzen.eus\/es\/wp-json\/wp\/v2\/posts\/1439","targetHints":{"allow":["GET"]}}],"collection":[{"href":"https:\/\/batzen.eus\/es\/wp-json\/wp\/v2\/posts"}],"about":[{"href":"https:\/\/batzen.eus\/es\/wp-json\/wp\/v2\/types\/post"}],"author":[{"embeddable":true,"href":"https:\/\/batzen.eus\/es\/wp-json\/wp\/v2\/users\/2"}],"replies":[{"embeddable":true,"href":"https:\/\/batzen.eus\/es\/wp-json\/wp\/v2\/comments?post=1439"}],"version-history":[{"count":1,"href":"https:\/\/batzen.eus\/es\/wp-json\/wp\/v2\/posts\/1439\/revisions"}],"predecessor-version":[{"id":1440,"href":"https:\/\/batzen.eus\/es\/wp-json\/wp\/v2\/posts\/1439\/revisions\/1440"}],"wp:featuredmedia":[{"embeddable":true,"href":"https:\/\/batzen.eus\/es\/wp-json\/wp\/v2\/media\/1437"}],"wp:attachment":[{"href":"https:\/\/batzen.eus\/es\/wp-json\/wp\/v2\/media?parent=1439"}],"wp:term":[{"taxonomy":"category","embeddable":true,"href":"https:\/\/batzen.eus\/es\/wp-json\/wp\/v2\/categories?post=1439"},{"taxonomy":"post_tag","embeddable":true,"href":"https:\/\/batzen.eus\/es\/wp-json\/wp\/v2\/tags?post=1439"}],"curies":[{"name":"wp","href":"https:\/\/api.w.org\/{rel}","templated":true}]}}